{"id":1394,"date":"2025-03-21T12:02:00","date_gmt":"2025-03-21T12:02:00","guid":{"rendered":"https:\/\/medioso.info\/uusi\/?p=1394"},"modified":"2025-03-31T09:02:42","modified_gmt":"2025-03-31T09:02:42","slug":"aseman-divari","status":"publish","type":"post","link":"https:\/\/medioso.info\/uusi\/aseman-divari\/","title":{"rendered":"Aseman Divari &#8211; L\u00e4mmin kohtaamispaikka kirjallisuuden yst\u00e4ville"},"content":{"rendered":"\n<div class=\"wp-block-group has-global-padding is-layout-constrained wp-container-core-group-is-layout-a8095b67 wp-block-group-is-layout-constrained\" style=\"padding-top:0;padding-bottom:0\">\n<h1 class=\"wp-block-heading has-accent-3-color has-text-color has-link-color wp-elements-f1951ac8453f0592afa133420b5804f8\">Ajat muuttuvat, mutta tunnelma ei<\/h1>\n\n\n\n<p class=\"has-large-font-size\" style=\"margin-top:var(--wp--preset--spacing--50);margin-bottom:var(--wp--preset--spacing--50)\">\u201dT\u00e4h\u00e4n aukeaa divari\u201d, luki Asemakatu 25. pienen pienen liiketilan ikkunassa, kun k\u00e4velen siit\u00e4 ohi. Painan innoissani asian mieleeni ja odottelen<\/p>\n\n\n\n<p>Aikaa on kulunut ja olen taas Oulussa. K\u00e4velless\u00e4ni samasta kohtaa huomaan pitk\u00e4\u00e4n odottelemani liikkeen auenneen.<\/p>\n\n\n\n<p class=\"has-large-font-size\" style=\"margin-top:var(--wp--preset--spacing--50);margin-bottom:var(--wp--preset--spacing--50)\">Astun sis\u00e4\u00e4n ja saan herttaisen vastaanoton, kun tiskin takaa huikkaa P\u00e4ivikki L\u00e4ksy ja liikkeen takaosasta Mauno Murtoniemi. My\u00f6s suloinen Raksu-koira, joka muistuttaa mummoni edesmennytt\u00e4 koiraa, nuuhkii minut l\u00e4mpim\u00e4sti tervetulleeksi. L\u00e4mmin oli tunnelma, niin mielellisesti kuin fyysisestikin, sill\u00e4 huhtikuun aurinko on l\u00e4mmitt\u00e4nyt pienen, nykyist\u00e4 asuntoani tuskin isommaksi olleen tilan \u00e4\u00e4rimmilleen. Saan oitis kattavan esittelyn tilasta ja uteliaita kysymyksi\u00e4. K\u00e4yn ensin vinyylilevyt l\u00e4pi yksikerrallaan kuten my\u00f6s C-kasetit, jonka j\u00e4lkeen kiertelen lattiasta kattoon ylett\u00e4v\u00e4t kirjahyllyt l\u00e4pi, samalla jutellen. Tovin juteltuani maksan ostokseni, kiit\u00e4n ja l\u00e4hden tyytyv\u00e4isen\u00e4 jatkamaan matkaani. \u201dPakko p\u00e4\u00e4st\u00e4 tuonne uudestaan\u201d, ajattelen.<\/p>\n\n\n\n<p class=\"has-large-font-size\" style=\"margin-top:var(--wp--preset--spacing--50);margin-bottom:var(--wp--preset--spacing--50)\">Nyt kuusi vuotta my\u00f6hemmin astun Asemakatu 25. samasta ulko-ovesta sis\u00e4\u00e4n, mutta t\u00e4ll\u00e4 kertaa menen viereiseen, hieman isompaan liiketilaan. V\u00e4lioven kellot hel\u00e4ht\u00e4v\u00e4t ja vaikka ajat ovat muovanneet kokoonpanoa, silti t\u00e4ysin sama tunnelma tulee vastaan; P\u00e4ivikin vastaanottavainen tervehdys ja Alma-koiran l\u00e4mpim\u00e4t nuuhkimiset. My\u00f6s sis\u00e4l\u00e4mp\u00f6tila pysyy samana, elet\u00e4\u00e4nh\u00e4n jo valoisaa maaliskuuta. Tunnollisesti menen laajemman levyosaston luo ja alan k\u00e4ym\u00e4\u00e4n l\u00e4pi levyj\u00e4 yksi kerrallaan samalla kun P\u00e4ivikki h\u00f6p\u00f6ttelee. Levyist\u00e4 siirryn C-kasetteihin ja niiden kautta kirjoihin samassa j\u00e4rjestyksess\u00e4, kuten olen vuosien aikaan mennyt. Kuulumisten vaihdon lomassa P\u00e4ivikki laittaa kahvit tippumaan ja loppuajaksi asetun istumaan jutustellen niit\u00e4 n\u00e4it\u00e4. Uusia asiakkaita astuu tasaisesti sis\u00e4\u00e4n ja ulos. Tovin oltuani kahvi on loppunut ajat sitten ja liikkeen ovikin jo kerennyt painua lukkoon. Maksan ostokseni, kiit\u00e4n ja l\u00e4hden tyytyv\u00e4isen\u00e4 jatkamaan matkaani. \u201dPakko p\u00e4\u00e4st\u00e4 k\u00e4ym\u00e4\u00e4n useammin\u201d, ajattelen.<\/p>\n<\/div>\n\n\n\n<div class=\"wp-block-group has-global-padding is-layout-constrained wp-container-core-group-is-layout-a8095b67 wp-block-group-is-layout-constrained\" style=\"padding-top:0;padding-bottom:0\">\n<h1 class=\"wp-block-heading has-accent-3-color has-text-color has-link-color wp-elements-529c82dcdf4f6e2a270f909557d0be4f\">Enemm\u00e4n kuin divari<\/h1>\n\n\n\n<div class=\"wp-block-group is-layout-grid wp-container-core-group-is-layout-29271053 wp-block-group-is-layout-grid\">\n<p class=\"wp-container-content-b4c5012d\">Aseman divari on tunnelmallinen pieni antikvariaatti Oulun keskustassa, rautatieaseman l\u00e4hell\u00e4. Sen ovat perustaneet P\u00e4ivikki L\u00e4ksy ja Mauno Murtoniemi uuden vuoden aattona 2018, nimens\u00e4 mukaisesti Asemakadulle. Divarin tarjonta ei rajoitu pelk\u00e4st\u00e4\u00e4n kirjallisuuteen, vaan myynniss\u00e4 on my\u00f6s levyj\u00e4, kasetteja, sarjakuvia ja taidetta. Kivijalkamyym\u00e4l\u00e4n lis\u00e4ksi tuotteita voi ostaa Antikvaari.fi -sivustolta. Asiakaskunta on laaja ja joka kerta p\u00e4\u00e4see n\u00e4kem\u00e4\u00e4n erilaisia ihmisi\u00e4.<\/p>\n\n\n\n<figure class=\"wp-block-image size-large wp-container-content-b4c5012d\"><img loading=\"lazy\" decoding=\"async\" width=\"1024\" height=\"576\" src=\"http:\/\/medioso.info\/uusi\/wp-content\/uploads\/2025\/03\/Nettiin-1024x576.jpg\" alt=\"\" class=\"wp-image-1740\" srcset=\"https:\/\/medioso.info\/uusi\/wp-content\/uploads\/2025\/03\/Nettiin-1024x576.jpg 1024w, https:\/\/medioso.info\/uusi\/wp-content\/uploads\/2025\/03\/Nettiin-300x169.jpg 300w, https:\/\/medioso.info\/uusi\/wp-content\/uploads\/2025\/03\/Nettiin-768x432.jpg 768w, https:\/\/medioso.info\/uusi\/wp-content\/uploads\/2025\/03\/Nettiin-1536x864.jpg 1536w, https:\/\/medioso.info\/uusi\/wp-content\/uploads\/2025\/03\/Nettiin-2048x1152.jpg 2048w\" sizes=\"auto, (max-width: 1024px) 100vw, 1024px\" \/><\/figure>\n\n\n\n<p>Divariin muodostunut tunnelma on aina tervetullut, l\u00e4mmin ja jossa kirjallisuus p\u00e4\u00e4see oikeuksiinsa. Tuntuu kuin aika pys\u00e4htyisi hetkeksi ja hyllyj\u00e4 tekee mieli tutkiskella pitk\u00e4\u00e4n sek\u00e4 vain keskustella ja lev\u00e4ht\u00e4\u00e4. Se ei ole vain liike, vaan kohtaamispaikka ja olohuone kirjallisuuden yst\u00e4ville.<\/p>\n\n\n\n<figure class=\"wp-block-image size-large\"><img loading=\"lazy\" decoding=\"async\" width=\"1024\" height=\"576\" src=\"http:\/\/medioso.info\/uusi\/wp-content\/uploads\/2025\/03\/Divari-04-web-1024x576.jpg\" alt=\"\" class=\"wp-image-1747\" srcset=\"https:\/\/medioso.info\/uusi\/wp-content\/uploads\/2025\/03\/Divari-04-web-1024x576.jpg 1024w, https:\/\/medioso.info\/uusi\/wp-content\/uploads\/2025\/03\/Divari-04-web-300x169.jpg 300w, https:\/\/medioso.info\/uusi\/wp-content\/uploads\/2025\/03\/Divari-04-web-768x432.jpg 768w, https:\/\/medioso.info\/uusi\/wp-content\/uploads\/2025\/03\/Divari-04-web-1536x864.jpg 1536w, https:\/\/medioso.info\/uusi\/wp-content\/uploads\/2025\/03\/Divari-04-web-2048x1152.jpg 2048w\" sizes=\"auto, (max-width: 1024px) 100vw, 1024px\" \/><\/figure>\n<\/div>\n<\/div>\n\n\n\n<div class=\"wp-block-group has-global-padding is-layout-constrained wp-container-core-group-is-layout-a8095b67 wp-block-group-is-layout-constrained\" style=\"padding-top:0;padding-bottom:0\">\n<div class=\"wp-block-group is-layout-grid wp-container-core-group-is-layout-ce41be04 wp-block-group-is-layout-grid\">\n<figure class=\"wp-block-image size-large\"><img loading=\"lazy\" decoding=\"async\" width=\"1024\" height=\"576\" src=\"http:\/\/medioso.info\/uusi\/wp-content\/uploads\/2025\/03\/Divari-05-web-1024x576.jpg\" alt=\"\" class=\"wp-image-1749\" srcset=\"https:\/\/medioso.info\/uusi\/wp-content\/uploads\/2025\/03\/Divari-05-web-1024x576.jpg 1024w, https:\/\/medioso.info\/uusi\/wp-content\/uploads\/2025\/03\/Divari-05-web-300x169.jpg 300w, https:\/\/medioso.info\/uusi\/wp-content\/uploads\/2025\/03\/Divari-05-web-768x432.jpg 768w, https:\/\/medioso.info\/uusi\/wp-content\/uploads\/2025\/03\/Divari-05-web-1536x864.jpg 1536w, https:\/\/medioso.info\/uusi\/wp-content\/uploads\/2025\/03\/Divari-05-web-2048x1152.jpg 2048w\" sizes=\"auto, (max-width: 1024px) 100vw, 1024px\" \/><\/figure>\n\n\n\n<h6 class=\"wp-block-heading wp-container-content-e4b5e493\">Alma-koira vastaanottaa vieraat l\u00e4mpim\u00e4sti tervetulleiksi.<\/h6>\n<\/div>\n<\/div>\n\n\n\n<div class=\"wp-block-group has-global-padding is-layout-constrained wp-container-core-group-is-layout-a8095b67 wp-block-group-is-layout-constrained\" style=\"padding-top:0;padding-bottom:0\">\n<div class=\"wp-block-group is-layout-grid wp-container-core-group-is-layout-29271053 wp-block-group-is-layout-grid\">\n<figure class=\"wp-block-image size-large\"><img loading=\"lazy\" decoding=\"async\" width=\"1024\" height=\"576\" src=\"http:\/\/medioso.info\/uusi\/wp-content\/uploads\/2025\/03\/divari-06-web-1024x576.jpg\" alt=\"\" class=\"wp-image-1751\" srcset=\"https:\/\/medioso.info\/uusi\/wp-content\/uploads\/2025\/03\/divari-06-web-1024x576.jpg 1024w, https:\/\/medioso.info\/uusi\/wp-content\/uploads\/2025\/03\/divari-06-web-300x169.jpg 300w, https:\/\/medioso.info\/uusi\/wp-content\/uploads\/2025\/03\/divari-06-web-768x432.jpg 768w, https:\/\/medioso.info\/uusi\/wp-content\/uploads\/2025\/03\/divari-06-web-1536x864.jpg 1536w, https:\/\/medioso.info\/uusi\/wp-content\/uploads\/2025\/03\/divari-06-web-2048x1152.jpg 2048w\" sizes=\"auto, (max-width: 1024px) 100vw, 1024px\" \/><\/figure>\n\n\n\n<figure class=\"wp-block-image size-large\"><img loading=\"lazy\" decoding=\"async\" width=\"1024\" height=\"576\" src=\"http:\/\/medioso.info\/uusi\/wp-content\/uploads\/2025\/03\/divari-07-web-1024x576.jpg\" alt=\"\" class=\"wp-image-1752\" srcset=\"https:\/\/medioso.info\/uusi\/wp-content\/uploads\/2025\/03\/divari-07-web-1024x576.jpg 1024w, https:\/\/medioso.info\/uusi\/wp-content\/uploads\/2025\/03\/divari-07-web-300x169.jpg 300w, https:\/\/medioso.info\/uusi\/wp-content\/uploads\/2025\/03\/divari-07-web-768x432.jpg 768w, https:\/\/medioso.info\/uusi\/wp-content\/uploads\/2025\/03\/divari-07-web-1536x864.jpg 1536w, https:\/\/medioso.info\/uusi\/wp-content\/uploads\/2025\/03\/divari-07-web-2048x1152.jpg 2048w\" sizes=\"auto, (max-width: 1024px) 100vw, 1024px\" \/><\/figure>\n<\/div>\n\n\n\n<h6 class=\"wp-block-heading wp-container-content-69bc4bdf\">P\u00e4ivikki L\u00e4ksy ja Petri Paloj\u00e4rvi kahvittelevat hommien teon lomassa.<\/h6>\n<\/div>\n\n\n\n<div class=\"wp-block-group has-global-padding is-layout-constrained wp-container-core-group-is-layout-b64f6cb2 wp-block-group-is-layout-constrained\" style=\"padding-top:var(--wp--preset--spacing--20);padding-bottom:var(--wp--preset--spacing--20)\">\n<div class=\"wp-block-group is-layout-grid wp-container-core-group-is-layout-ce41be04 wp-block-group-is-layout-grid\">\n<figure class=\"wp-block-embed is-type-video is-provider-youtube wp-block-embed-youtube wp-embed-aspect-16-9 wp-has-aspect-ratio\" style=\"margin-top:var(--wp--preset--spacing--30);margin-bottom:var(--wp--preset--spacing--30)\"><div class=\"wp-block-embed__wrapper\">\n<iframe loading=\"lazy\" title=\"Aseman Divari\" width=\"500\" height=\"281\" src=\"https:\/\/www.youtube.com\/embed\/7JNquOcS1yo?feature=oembed\" frameborder=\"0\" allow=\"accelerometer; autoplay; clipboard-write; encrypted-media; gyroscope; picture-in-picture; web-share\" referrerpolicy=\"strict-origin-when-cross-origin\" allowfullscreen><\/iframe>\n<\/div><\/figure>\n<\/div>\n<\/div>\n\n\n\n<div class=\"wp-block-group has-global-padding is-layout-constrained wp-container-core-group-is-layout-a8095b67 wp-block-group-is-layout-constrained\" style=\"padding-top:0;padding-bottom:0\">\n<p class=\"has-large-font-size\"><strong>Kuvat:<\/strong> Anna Karjalainen<br><strong>Videon ohjaus, editointi ja kuvaus:<\/strong> Anna Karjalainen<br><strong>Artikkeli:<\/strong> Anna Karjalainen<\/p>\n<\/div>\n\n\n\n<p><\/p>\n","protected":false},"excerpt":{"rendered":"<p>Ajat muuttuvat, mutta tunnelma ei \u201dT\u00e4h\u00e4n aukeaa divari\u201d, luki Asemakatu 25. pienen pienen liiketilan ikkunassa, kun k\u00e4velen siit\u00e4 ohi. Painan innoissani asian mieleeni ja odottelen Aikaa on kulunut ja olen taas Oulussa. K\u00e4velless\u00e4ni samasta kohtaa huomaan pitk\u00e4\u00e4n odottelemani liikkeen auenneen. Astun sis\u00e4\u00e4n ja saan herttaisen vastaanoton, kun tiskin takaa huikkaa P\u00e4ivikki L\u00e4ksy ja liikkeen takaosasta [&hellip;]<\/p>\n","protected":false},"author":5,"featured_media":1743,"comment_status":"closed","ping_status":"closed","sticky":false,"template":"","format":"standard","meta":{"footnotes":""},"categories":[1,6,5,11],"tags":[40,50,41,48,37,36,38,39],"class_list":["post-1394","post","type-post","status-publish","format-standard","has-post-thumbnail","hentry","category-kaikki-julkaisut","category-kirjat","category-kulttuuri-ja-viihde","category-taide","tag-adobe-illustrator","tag-adobe-indesign","tag-adobe-photoshop","tag-adobe-premiere-pro","tag-antikvariaatti","tag-divari","tag-kulttuuri","tag-taide"],"_links":{"self":[{"href":"https:\/\/medioso.info\/uusi\/wp-json\/wp\/v2\/posts\/1394","targetHints":{"allow":["GET"]}}],"collection":[{"href":"https:\/\/medioso.info\/uusi\/wp-json\/wp\/v2\/posts"}],"about":[{"href":"https:\/\/medioso.info\/uusi\/wp-json\/wp\/v2\/types\/post"}],"author":[{"embeddable":true,"href":"https:\/\/medioso.info\/uusi\/wp-json\/wp\/v2\/users\/5"}],"replies":[{"embeddable":true,"href":"https:\/\/medioso.info\/uusi\/wp-json\/wp\/v2\/comments?post=1394"}],"version-history":[{"count":12,"href":"https:\/\/medioso.info\/uusi\/wp-json\/wp\/v2\/posts\/1394\/revisions"}],"predecessor-version":[{"id":2066,"href":"https:\/\/medioso.info\/uusi\/wp-json\/wp\/v2\/posts\/1394\/revisions\/2066"}],"wp:featuredmedia":[{"embeddable":true,"href":"https:\/\/medioso.info\/uusi\/wp-json\/wp\/v2\/media\/1743"}],"wp:attachment":[{"href":"https:\/\/medioso.info\/uusi\/wp-json\/wp\/v2\/media?parent=1394"}],"wp:term":[{"taxonomy":"category","embeddable":true,"href":"https:\/\/medioso.info\/uusi\/wp-json\/wp\/v2\/categories?post=1394"},{"taxonomy":"post_tag","embeddable":true,"href":"https:\/\/medioso.info\/uusi\/wp-json\/wp\/v2\/tags?post=1394"}],"curies":[{"name":"wp","href":"https:\/\/api.w.org\/{rel}","templated":true}]}}